{"id":3016,"date":"2020-09-15T22:36:29","date_gmt":"2020-09-15T22:36:29","guid":{"rendered":"http:\/\/guiaturismoparasordos.com\/?p=3016"},"modified":"2021-10-13T10:15:15","modified_gmt":"2021-10-13T10:15:15","slug":"visitasguiadas","status":"publish","type":"post","link":"https:\/\/guiaturismoparasordos.com\/fr\/visitasguiadas\/","title":{"rendered":""},"content":{"rendered":"<h2 style=\"text-align: center\"><span style=\"color: #800080\"><strong>Visites guid\u00e9es r\u00e9alis\u00e9es pour les personnes sourdes et <\/strong><\/span><span style=\"color: #800080\"><strong>malentendantes<\/strong><\/span><\/h2>\n<ul>\n<li style=\"text-align: left\"><span style=\"color: #000000\">Madrid M\u00e9di\u00e9val.<\/span><\/li>\n<li style=\"text-align: left\"><span style=\"color: #000000\">Madrid des Autriches.<\/span><\/li>\n<li style=\"text-align: left\"><span style=\"color: #000000\">Madrid des Bourbons.<\/span><\/li>\n<li style=\"text-align: left\"><span style=\"color: #000000\">Madrid Historique.<\/span><\/li>\n<li style=\"text-align: left\"><span style=\"color: #000000\">Mus\u00e9es du Prado, Thyssen, Reina Sof\u00eda et Sorolla.<\/span><\/li>\n<li style=\"text-align: left\"><span style=\"color: #000000\">Madrid de la Litterature d\u2019Or.<\/span><\/li>\n<li style=\"text-align: left\"><span style=\"color: #000000\">Route des \u201cFemmes dans l\u2019histoire de Madrid\u201d.<\/span><\/li>\n<li style=\"text-align: left\"><span style=\"color: #000000\">Route guid\u00e9e \u201cMadrid du Saint Isidro\u201d.<\/span><\/li>\n<li style=\"text-align: left\"><span style=\"color: #000000\">Route des dix \u00e9glises le plus anciennes de Madrid.<\/span><\/li>\n<li style=\"text-align: left\"><span style=\"color: #000000\">Madrid Myst\u00e9rieux.<\/span><\/li>\n<li style=\"text-align: left\"><span style=\"color: #000000\">Visite guid\u00e9e des jardins secrets de Madrid.<\/span><\/li>\n<li style=\"text-align: left\"><span style=\"color: #000000\">Route du conte du souris P\u00e9rez.<\/span><\/li>\n<li style=\"text-align: left\"><span style=\"color: #000000\">No\u00ebl au Mus\u00e9e du Prado.<\/span><\/li>\n<li style=\"text-align: left\"><span style=\"color: #000000\">Randonn\u00e9e guid\u00e9e sur les curiosit\u00e9s religieuses de Madrid.<\/span><\/li>\n<li style=\"text-align: left\"><span style=\"color: #000000\">Visite guid\u00e9e au Parc d\u2019El Capricho.<\/span><\/li>\n<li style=\"text-align: left\"><span style=\"color: #000000\">Route du Saint Valent\u00edn.<\/span><\/li>\n<li style=\"text-align: left\"><span style=\"color: #000000\">Visite guid\u00e9e \u00e0 la NASA (Robledo de la Chavela).<\/span><\/li>\n<li style=\"text-align: left\"><span style=\"color: #000000\">Visite guid\u00e9e \u00e0 Tol\u00e8de (Cath\u00e9dral et Monuments).<\/span><\/li>\n<li style=\"text-align: left\"><span style=\"color: #000000\">Visite guid\u00e9e \u00e0 Pastrana et ses monuments (Guadalajara).<\/span><\/li>\n<li style=\"text-align: left\"><span style=\"color: #000000\">Visite guid\u00e9e \u00e0 Sig\u00fcenza et ses monuments (Guadalajara).<\/span><\/li>\n<\/ul>\n<p style=\"text-align: left\"><span style=\"color: #800080\"><strong>Visites guid\u00e9es dans les expositions temporaires aux Mus\u00e9es:<\/strong><\/span><\/p>\n<ul>\n<li style=\"text-align: left\"><span style=\"color: #000000\">Berthe Morisot<\/span><\/li>\n<li style=\"text-align: left\"><span style=\"color: #000000\">Gauguin<\/span><\/li>\n<li style=\"text-align: left\"><span style=\"color: #000000\">Chagall<\/span><\/li>\n<li style=\"text-align: left\"><span style=\"color: #000000\">C\u00e9zanne<\/span><\/li>\n<li style=\"text-align: left\"><span style=\"color: #000000\">Dal\u00ed<\/span><\/li>\n<li style=\"text-align: left\"><span style=\"color: #000000\">Royal Horloges<\/span><\/li>\n<li style=\"text-align: left\"><span style=\"color: #000000\">Exposition d\u2019Auschwitz<\/span><\/li>\n<li style=\"text-align: left\"><span style=\"color: #000000\">G\u00e9n\u00e9alogies d\u2019Art<\/span><\/li>\n<\/ul>\n<p style=\"text-align: left\"><strong><span style=\"color: #800080\">Patrimoine National:<\/span><\/strong><\/p>\n<ul>\n<li style=\"text-align: left\"><span style=\"color: #000000\">Visite guid\u00e9e au Palais Royal de Madrid.<\/span><\/li>\n<li style=\"text-align: left\"><span style=\"color: #000000\">Visite guid\u00e9e aux Monast\u00e8res Descalzas Reales et de La Encarnaci\u00f3n.<\/span><\/li>\n<li style=\"text-align: left\"><span style=\"color: #000000\">Visite guid\u00e9e au Site Royal d\u2019Aranjuez (Palais Royal d\u2019Aranjuez, Petite<\/span><br \/>\n<span style=\"color: #000000\">maison du Labrador et Mus\u00e9e de Chaloupes).<\/span><\/li>\n<li style=\"text-align: left\"><span style=\"color: #000000\">Visite guid\u00e9e au Palais Royal du Pardo.<\/span><\/li>\n<li style=\"text-align: left\"><span style=\"color: #000000\">Visite guid\u00e9e au Monast\u00e8re de l\u00b4Escorial + l\u2019expos\u00e9 du peintre sourd<\/span><br \/>\n<span style=\"color: #000000\">Navarrete \u00ab\u00a0Le muet\u00a0\u00bb et La Vall\u00e9e de ceux qui sont tomb\u00e9s.<\/span><\/li>\n<li style=\"text-align: left\"><span style=\"color: #000000\">Visites guid\u00e9es au Palais Royal de la Granja de San Ildefonso et Palais<\/span><br \/>\n<span style=\"color: #000000\">Royal de Riofr\u00edo (Segovia).<\/span><\/li>\n<\/ul>\n<p style=\"text-align: left\"><strong><span style=\"color: #800080\">Visites guid\u00e9es virtuelles par appel vid\u00e9o:<\/span><\/strong><\/p>\n<ul>\n<li style=\"text-align: left\"><span style=\"color: #000000\">Des femmes peintres du Mus\u00e9e du Prado.<\/span><\/li>\n<li style=\"text-align: left\"><span style=\"color: #000000\">Chef-d\u2019ouvres du Mus\u00e9e du Prado.<\/span><\/li>\n<\/ul>\n","protected":false},"excerpt":{"rendered":"<p>Visites guid\u00e9es r\u00e9alis\u00e9es pour les personnes sourdes et malentendantes Madrid M\u00e9di\u00e9val. Madrid des Autriches. Madrid des Bourbons. Madrid Historique. Mus\u00e9es du Prado, Thyssen, Reina Sof\u00eda et Sorolla. Madrid de la Litterature d\u2019Or. Route des \u201cFemmes dans l\u2019histoire de Madrid\u201d. Route guid\u00e9e \u201cMadrid du Saint Isidro\u201d. Route des dix \u00e9glises le plus anciennes de Madrid. Madrid Myst\u00e9rieux. Visite guid\u00e9e des jardins secrets de Madrid. Route du conte du souris P\u00e9rez. No\u00ebl au Mus\u00e9e du Prado. Randonn\u00e9e guid\u00e9e sur les curiosit\u00e9s religieuses&hellip;<\/p>\n","protected":false},"author":3,"featured_media":0,"comment_status":"closed","ping_status":"open","sticky":false,"template":"","format":"standard","meta":{"footnotes":""},"categories":[148],"tags":[],"class_list":["post-3016","post","type-post","status-publish","format-standard","hentry","category-visitaguiada"],"yoast_head":"<!-- This site is optimized with the Yoast SEO plugin v27.4 - https:\/\/yoast.com\/product\/yoast-seo-wordpress\/ -->\n<title>Guia Turismo para sordos<\/title>\n<meta name=\"robots\" content=\"index, follow, max-snippet:-1, max-image-preview:large, max-video-preview:-1\" \/>\n<link rel=\"canonical\" href=\"https:\/\/guiaturismoparasordos.com\/fr\/visitasguiadas\/\" \/>\n<meta property=\"og:locale\" content=\"fr_FR\" \/>\n<meta property=\"og:locale:alternate\" content=\"es_ES\" \/>\n<meta property=\"og:locale:alternate\" content=\"en_GB\" \/>\n<meta property=\"og:type\" content=\"article\" \/>\n<meta property=\"og:title\" content=\"\" \/>\n<meta property=\"og:description\" content=\"Visites guid\u00e9es r\u00e9alis\u00e9es pour les personnes sourdes et malentendantes Madrid M\u00e9di\u00e9val. Madrid des Autriches. Madrid des Bourbons. Madrid Historique. Mus\u00e9es du Prado, Thyssen, Reina Sof\u00eda et Sorolla. Madrid de la Litterature d\u2019Or. Route des \u201cFemmes dans l\u2019histoire de Madrid\u201d. Route guid\u00e9e \u201cMadrid du Saint Isidro\u201d. Route des dix \u00e9glises le plus anciennes de Madrid. Madrid Myst\u00e9rieux. Visite guid\u00e9e des jardins secrets de Madrid. Route du conte du souris P\u00e9rez. No\u00ebl au Mus\u00e9e du Prado. Randonn\u00e9e guid\u00e9e sur les curiosit\u00e9s religieuses&hellip;\" \/>\n<meta property=\"og:url\" content=\"https:\/\/guiaturismoparasordos.com\/fr\/visitasguiadas\/\" \/>\n<meta property=\"og:site_name\" content=\"Guia Turismo para sordos\" \/>\n<meta property=\"article:published_time\" content=\"2020-09-15T22:36:29+00:00\" \/>\n<meta property=\"article:modified_time\" content=\"2021-10-13T10:15:15+00:00\" \/>\n<meta name=\"author\" content=\"Olga Babarro\" \/>\n<meta name=\"twitter:card\" content=\"summary_large_image\" \/>\n<meta name=\"twitter:label1\" content=\"\u00c9crit par\" \/>\n\t<meta name=\"twitter:data1\" content=\"Olga Babarro\" \/>\n\t<meta name=\"twitter:label2\" content=\"Dur\u00e9e de lecture estim\u00e9e\" \/>\n\t<meta name=\"twitter:data2\" content=\"4 minutes\" \/>\n<script type=\"application\/ld+json\" class=\"yoast-schema-graph\">{\"@context\":\"https:\\\/\\\/schema.org\",\"@graph\":[{\"@type\":\"Article\",\"@id\":\"https:\\\/\\\/guiaturismoparasordos.com\\\/visitasguiadas\\\/#article\",\"isPartOf\":{\"@id\":\"https:\\\/\\\/guiaturismoparasordos.com\\\/visitasguiadas\\\/\"},\"author\":{\"name\":\"Olga Babarro\",\"@id\":\"https:\\\/\\\/guiaturismoparasordos.com\\\/#\\\/schema\\\/person\\\/49ff4d8d214b15b7629d96d5db5990fd\"},\"headline\":\"Aucun titre\",\"datePublished\":\"2020-09-15T22:36:29+00:00\",\"dateModified\":\"2021-10-13T10:15:15+00:00\",\"mainEntityOfPage\":{\"@id\":\"https:\\\/\\\/guiaturismoparasordos.com\\\/visitasguiadas\\\/\"},\"wordCount\":766,\"articleSection\":[\"\"],\"inLanguage\":\"fr-FR\"},{\"@type\":\"WebPage\",\"@id\":\"https:\\\/\\\/guiaturismoparasordos.com\\\/visitasguiadas\\\/\",\"url\":\"https:\\\/\\\/guiaturismoparasordos.com\\\/visitasguiadas\\\/\",\"name\":\"\",\"isPartOf\":{\"@id\":\"https:\\\/\\\/guiaturismoparasordos.com\\\/#website\"},\"datePublished\":\"2020-09-15T22:36:29+00:00\",\"dateModified\":\"2021-10-13T10:15:15+00:00\",\"author\":{\"@id\":\"https:\\\/\\\/guiaturismoparasordos.com\\\/#\\\/schema\\\/person\\\/49ff4d8d214b15b7629d96d5db5990fd\"},\"inLanguage\":\"fr-FR\",\"potentialAction\":[{\"@type\":\"ReadAction\",\"target\":[\"https:\\\/\\\/guiaturismoparasordos.com\\\/visitasguiadas\\\/\"]}]},{\"@type\":\"WebSite\",\"@id\":\"https:\\\/\\\/guiaturismoparasordos.com\\\/#website\",\"url\":\"https:\\\/\\\/guiaturismoparasordos.com\\\/\",\"name\":\"Guia Turismo para sordos\",\"description\":\"\",\"potentialAction\":[{\"@type\":\"SearchAction\",\"target\":{\"@type\":\"EntryPoint\",\"urlTemplate\":\"https:\\\/\\\/guiaturismoparasordos.com\\\/?s={search_term_string}\"},\"query-input\":{\"@type\":\"PropertyValueSpecification\",\"valueRequired\":true,\"valueName\":\"search_term_string\"}}],\"inLanguage\":\"fr-FR\"},{\"@type\":\"Person\",\"@id\":\"https:\\\/\\\/guiaturismoparasordos.com\\\/#\\\/schema\\\/person\\\/49ff4d8d214b15b7629d96d5db5990fd\",\"name\":\"Olga Babarro\",\"image\":{\"@type\":\"ImageObject\",\"inLanguage\":\"fr-FR\",\"@id\":\"https:\\\/\\\/secure.gravatar.com\\\/avatar\\\/dd08e676d3626c36f9ae1df375acfd70639f3d944891da612a5dd5dfa8b1f373?s=96&d=mm&r=g\",\"url\":\"https:\\\/\\\/secure.gravatar.com\\\/avatar\\\/dd08e676d3626c36f9ae1df375acfd70639f3d944891da612a5dd5dfa8b1f373?s=96&d=mm&r=g\",\"contentUrl\":\"https:\\\/\\\/secure.gravatar.com\\\/avatar\\\/dd08e676d3626c36f9ae1df375acfd70639f3d944891da612a5dd5dfa8b1f373?s=96&d=mm&r=g\",\"caption\":\"Olga Babarro\"},\"sameAs\":[\"http:\\\/\\\/www.guiaturismoparasordos.com\"],\"url\":\"https:\\\/\\\/guiaturismoparasordos.com\\\/fr\\\/author\\\/olgablog\\\/\"}]}<\/script>\n<!-- \/ Yoast SEO plugin. -->","yoast_head_json":{"title":"Guia Turismo para sordos","robots":{"index":"index","follow":"follow","max-snippet":"max-snippet:-1","max-image-preview":"max-image-preview:large","max-video-preview":"max-video-preview:-1"},"canonical":"https:\/\/guiaturismoparasordos.com\/fr\/visitasguiadas\/","og_locale":"fr_FR","og_type":"article","og_title":"[:es]Visitas guiadas[:] - Guia Turismo para sordos","og_description":"Visites guid\u00e9es r\u00e9alis\u00e9es pour les personnes sourdes et malentendantes Madrid M\u00e9di\u00e9val. Madrid des Autriches. Madrid des Bourbons. Madrid Historique. Mus\u00e9es du Prado, Thyssen, Reina Sof\u00eda et Sorolla. Madrid de la Litterature d\u2019Or. Route des \u201cFemmes dans l\u2019histoire de Madrid\u201d. Route guid\u00e9e \u201cMadrid du Saint Isidro\u201d. Route des dix \u00e9glises le plus anciennes de Madrid. Madrid Myst\u00e9rieux. Visite guid\u00e9e des jardins secrets de Madrid. Route du conte du souris P\u00e9rez. No\u00ebl au Mus\u00e9e du Prado. Randonn\u00e9e guid\u00e9e sur les curiosit\u00e9s religieuses&hellip;","og_url":"https:\/\/guiaturismoparasordos.com\/fr\/visitasguiadas\/","og_site_name":"Guia Turismo para sordos","article_published_time":"2020-09-15T22:36:29+00:00","article_modified_time":"2021-10-13T10:15:15+00:00","author":"Olga Babarro","twitter_card":"summary_large_image","twitter_misc":{"\u00c9crit par":"Olga Babarro","Dur\u00e9e de lecture estim\u00e9e":"4 minutes"},"schema":{"@context":"https:\/\/schema.org","@graph":[{"@type":"Article","@id":"https:\/\/guiaturismoparasordos.com\/visitasguiadas\/#article","isPartOf":{"@id":"https:\/\/guiaturismoparasordos.com\/visitasguiadas\/"},"author":{"name":"Olga Babarro","@id":"https:\/\/guiaturismoparasordos.com\/#\/schema\/person\/49ff4d8d214b15b7629d96d5db5990fd"},"headline":"Aucun titre","datePublished":"2020-09-15T22:36:29+00:00","dateModified":"2021-10-13T10:15:15+00:00","mainEntityOfPage":{"@id":"https:\/\/guiaturismoparasordos.com\/visitasguiadas\/"},"wordCount":766,"articleSection":[""],"inLanguage":"fr-FR"},{"@type":"WebPage","@id":"https:\/\/guiaturismoparasordos.com\/visitasguiadas\/","url":"https:\/\/guiaturismoparasordos.com\/visitasguiadas\/","name":"","isPartOf":{"@id":"https:\/\/guiaturismoparasordos.com\/#website"},"datePublished":"2020-09-15T22:36:29+00:00","dateModified":"2021-10-13T10:15:15+00:00","author":{"@id":"https:\/\/guiaturismoparasordos.com\/#\/schema\/person\/49ff4d8d214b15b7629d96d5db5990fd"},"inLanguage":"fr-FR","potentialAction":[{"@type":"ReadAction","target":["https:\/\/guiaturismoparasordos.com\/visitasguiadas\/"]}]},{"@type":"WebSite","@id":"https:\/\/guiaturismoparasordos.com\/#website","url":"https:\/\/guiaturismoparasordos.com\/","name":"Guia Turismo para sordos","description":"","potentialAction":[{"@type":"SearchAction","target":{"@type":"EntryPoint","urlTemplate":"https:\/\/guiaturismoparasordos.com\/?s={search_term_string}"},"query-input":{"@type":"PropertyValueSpecification","valueRequired":true,"valueName":"search_term_string"}}],"inLanguage":"fr-FR"},{"@type":"Person","@id":"https:\/\/guiaturismoparasordos.com\/#\/schema\/person\/49ff4d8d214b15b7629d96d5db5990fd","name":"Olga Babarro","image":{"@type":"ImageObject","inLanguage":"fr-FR","@id":"https:\/\/secure.gravatar.com\/avatar\/dd08e676d3626c36f9ae1df375acfd70639f3d944891da612a5dd5dfa8b1f373?s=96&d=mm&r=g","url":"https:\/\/secure.gravatar.com\/avatar\/dd08e676d3626c36f9ae1df375acfd70639f3d944891da612a5dd5dfa8b1f373?s=96&d=mm&r=g","contentUrl":"https:\/\/secure.gravatar.com\/avatar\/dd08e676d3626c36f9ae1df375acfd70639f3d944891da612a5dd5dfa8b1f373?s=96&d=mm&r=g","caption":"Olga Babarro"},"sameAs":["http:\/\/www.guiaturismoparasordos.com"],"url":"https:\/\/guiaturismoparasordos.com\/fr\/author\/olgablog\/"}]}},"_links":{"self":[{"href":"https:\/\/guiaturismoparasordos.com\/fr\/wp-json\/wp\/v2\/posts\/3016","targetHints":{"allow":["GET"]}}],"collection":[{"href":"https:\/\/guiaturismoparasordos.com\/fr\/wp-json\/wp\/v2\/posts"}],"about":[{"href":"https:\/\/guiaturismoparasordos.com\/fr\/wp-json\/wp\/v2\/types\/post"}],"author":[{"embeddable":true,"href":"https:\/\/guiaturismoparasordos.com\/fr\/wp-json\/wp\/v2\/users\/3"}],"replies":[{"embeddable":true,"href":"https:\/\/guiaturismoparasordos.com\/fr\/wp-json\/wp\/v2\/comments?post=3016"}],"version-history":[{"count":36,"href":"https:\/\/guiaturismoparasordos.com\/fr\/wp-json\/wp\/v2\/posts\/3016\/revisions"}],"predecessor-version":[{"id":3294,"href":"https:\/\/guiaturismoparasordos.com\/fr\/wp-json\/wp\/v2\/posts\/3016\/revisions\/3294"}],"wp:attachment":[{"href":"https:\/\/guiaturismoparasordos.com\/fr\/wp-json\/wp\/v2\/media?parent=3016"}],"wp:term":[{"taxonomy":"category","embeddable":true,"href":"https:\/\/guiaturismoparasordos.com\/fr\/wp-json\/wp\/v2\/categories?post=3016"},{"taxonomy":"post_tag","embeddable":true,"href":"https:\/\/guiaturismoparasordos.com\/fr\/wp-json\/wp\/v2\/tags?post=3016"}],"curies":[{"name":"wp","href":"https:\/\/api.w.org\/{rel}","templated":true}]}}